[{"@context":"https:\/\/schema.org\/","@type":"Article","@id":"https:\/\/www.goshico.cz\/aktivni-i-pasivni-odpocinek-v-lokti\/#Article","mainEntityOfPage":"https:\/\/www.goshico.cz\/aktivni-i-pasivni-odpocinek-v-lokti\/","headline":"Aktivn\u00ed i pasivn\u00ed odpo\u010dinek v Lokti","name":"Aktivn\u00ed i pasivn\u00ed odpo\u010dinek v Lokti","description":"Pokud p\u0159em\u00fd\u0161l\u00edte o p\u00e1r dnech volna str\u00e1ven\u00fdch v m\u00edst\u011b, kter\u00e9 nab\u00edz\u00ed mnoho p\u0159\u00edjemn\u00fdch zp\u016fsob\u016f, vyu\u017eit\u00ed voln\u00e9ho \u010dasu, zaje\u010fte do oblasti Slavkovsk\u00e9ho lesa, konkr\u00e9tn\u011b do m\u011bste\u010dka [&hellip;]","datePublished":"2019-08-20","dateModified":"2023-04-29","author":{"@type":"Person","@id":"https:\/\/www.goshico.cz\/author\/#Person","name":"","url":"https:\/\/www.goshico.cz\/author\/","identifier":1,"image":{"@type":"ImageObject","@id":"https:\/\/secure.gravatar.com\/avatar\/670235c08005d2f1b80a3d56a421809661de47ce0289bd1c93d0120f6ef211a4?s=96&d=mm&r=g","url":"https:\/\/secure.gravatar.com\/avatar\/670235c08005d2f1b80a3d56a421809661de47ce0289bd1c93d0120f6ef211a4?s=96&d=mm&r=g","height":96,"width":96}},"publisher":{"@type":"Organization","name":"goshico.cz","logo":{"@type":"ImageObject","@id":"\/logo.png","url":"\/logo.png","width":600,"height":60}},"image":{"@type":"ImageObject","@id":"https:\/\/www.goshico.cz\/wp-content\/uploads\/img_a358215_w1724_t1572449016.jpg","url":"https:\/\/www.goshico.cz\/wp-content\/uploads\/img_a358215_w1724_t1572449016.jpg","height":0,"width":0},"url":"https:\/\/www.goshico.cz\/aktivni-i-pasivni-odpocinek-v-lokti\/","wordCount":401,"articleBody":"  Pokud p\u0159em\u00fd\u0161l\u00edte o p\u00e1r dnech volna str\u00e1ven\u00fdch v m\u00edst\u011b, kter\u00e9 nab\u00edz\u00ed mnoho p\u0159\u00edjemn\u00fdch zp\u016fsob\u016f, vyu\u017eit\u00ed voln\u00e9ho \u010dasu, zaje\u010fte do oblasti Slavkovsk\u00e9ho lesa, konkr\u00e9tn\u011b do m\u011bste\u010dka Loket. Pr\u00e1v\u011b zde nab\u00edz\u00ed svoje \u00fatuln\u00e9 z\u00e1zem\u00ed perfektn\u011b vybaven\u00fd penzion Loket, kter\u00fd je situovan\u00fd pouh\u00fdch p\u00e1r stovek metr\u016f od n\u00e1dhern\u00e9 a dominantn\u00ed stavby rom\u00e1nsko gotick\u00e9ho hradu. K vid\u011bn\u00ed je samoz\u0159ejm\u011b spousta dal\u0161\u00edch pam\u00e1tek, jako nap\u0159\u00edklad zdej\u0161\u00ed barokn\u00ed radnice, nebo kostel sv. V\u00e1clava. Pohlazen\u00edm po du\u0161i pro v\u00e1s budou vyhl\u00eddkov\u00e9 proch\u00e1zky pod\u00e9l toku \u0159eky Oh\u0159e, nebo vyj\u00ed\u017e\u010fky na kole po skv\u011ble vybudovan\u00e9 s\u00edti cyklostezek. Nezapome\u0148te nav\u0161t\u00edvit i nedalek\u00e1 zn\u00e1m\u00e1 l\u00e1ze\u0148sk\u00e1 m\u011bsta, Karlovy Vary a Franti\u0161kovy l\u00e1zn\u011b.  \u2022 N\u00e1\u0161 penzion disponuje dvou a jednol\u016f\u017ekov\u00fdmi pokoji s mo\u017enost\u00ed p\u0159ist\u00fdlky, samoz\u0159ejmost\u00ed je TV s p\u0159ipojen\u00edm na satelit a bezplatn\u00e1 WIFI. R\u00e1no v\u00e1s p\u0159iv\u00edt\u00e1 a p\u0159ed dopoledn\u00edm v\u00fdletem dokonale posiln\u00ed bohat\u00e1 kontinent\u00e1ln\u00ed sn\u00eddan\u011b. Sou\u010d\u00e1st\u00ed penzionu je i p\u0159ilehl\u00e1 restaurace-pizzerie, kter\u00e1 nab\u00edz\u00ed mo\u017enost celodenn\u00edho stravov\u00e1n\u00ed. Vyb\u00edrat m\u016f\u017eete jak z italsk\u00fdch specialit, v\u00edna a k\u00e1vy, tak z klasick\u00fdch pokrm\u016f a na sv\u00e9 si dokonce p\u0159ijdou i vegetari\u00e1ni. \u2022 Hosty r\u00e1di p\u0159iv\u00edt\u00e1me v dob\u011b mezi dvan\u00e1ctou a jedenadvac\u00e1tou hodinou, kdy jim p\u0159ed\u00e1me kl\u00ed\u010de a v p\u0159\u00edpad\u011b, kdy s sebou p\u0159ivezete kola, ulo\u017e\u00edme je do na\u0161\u00ed \u00faschovny. V\u00e1\u0161 p\u0159\u00edjezd domluv\u00edte jednodu\u0161e telefonicky a v dohodnutou dobu v\u00e1s bude o\u010dek\u00e1vat person\u00e1l, kter\u00fd v\u00e1m p\u0159ed\u00e1 kl\u00ed\u010de od pokoje. \u2022 V p\u0159\u00edpad\u011b objedn\u00e1vky pobytu trvaj\u00edc\u00edho dva a v\u00edce dn\u016f nab\u00edz\u00edme host\u016fm zaj\u00edmav\u00e9 slevy. U\u017eijte si sv\u016fj zaslou\u017een\u00fd odpo\u010dinek spojen\u00fd s pozn\u00e1v\u00e1n\u00edm a z\u00e1bavou v m\u00edstech, ve kter\u00fdch pob\u00fdvali u\u017e samotn\u00ed \u010dlenov\u00e9 kr\u00e1lovsk\u00e9 rodiny P\u0159emyslovc\u016f a Lucemburk\u016f. U\u017eijte si odpo\u010dinek v m\u00edst\u011b, kter\u00e9 je vyhl\u00e1\u0161enou pam\u00e1tkovou rezervac\u00ed a nab\u00edz\u00ed mnoho mo\u017enosti pro klidn\u00fd, nebo aktivn\u00ed odpo\u010dinek.                                                                                                                                                                                                                                                                                                                                                                                         4.1\/5 - (7 votes)        "},{"@context":"https:\/\/schema.org\/","@type":"BreadcrumbList","itemListElement":[{"@type":"ListItem","position":1,"name":"Aktivn\u00ed i pasivn\u00ed odpo\u010dinek v Lokti","item":"https:\/\/www.goshico.cz\/aktivni-i-pasivni-odpocinek-v-lokti\/#breadcrumbitem"}]}]