[{"@context":"https:\/\/schema.org\/","@type":"Article","@id":"https:\/\/www.goshico.cz\/menej-slov-byva-viac\/#Article","mainEntityOfPage":"https:\/\/www.goshico.cz\/menej-slov-byva-viac\/","headline":"Menej slov b\u00fdva viac","name":"Menej slov b\u00fdva viac","description":"Nem\u00e1m rada zbyto\u010dn\u00e9 slov\u00e1, patr\u00edm sk\u00f4r k\u00a0\u013eudom, za ktor\u00fdch rad\u0161ej hovoria \u010diny. Najmenej rada m\u00e1m, ke\u010f sa \u013eudia do o\u010d\u00ed navz\u00e1jom chv\u00e1lia a\u00a0tv\u00e1ria sa, \u017ee [&hellip;]","datePublished":"2024-01-22","dateModified":"2024-01-22","author":{"@type":"Person","@id":"https:\/\/www.goshico.cz\/author\/#Person","name":"","url":"https:\/\/www.goshico.cz\/author\/","identifier":1,"image":{"@type":"ImageObject","@id":"https:\/\/secure.gravatar.com\/avatar\/670235c08005d2f1b80a3d56a421809661de47ce0289bd1c93d0120f6ef211a4?s=96&d=mm&r=g","url":"https:\/\/secure.gravatar.com\/avatar\/670235c08005d2f1b80a3d56a421809661de47ce0289bd1c93d0120f6ef211a4?s=96&d=mm&r=g","height":96,"width":96}},"publisher":{"@type":"Organization","name":"goshico.cz","logo":{"@type":"ImageObject","@id":"\/logo.png","url":"\/logo.png","width":600,"height":60}},"url":"https:\/\/www.goshico.cz\/menej-slov-byva-viac\/","wordCount":247,"articleBody":"Nem\u00e1m rada zbyto\u010dn\u00e9 slov\u00e1, patr\u00edm sk\u00f4r k\u00a0\u013eudom, za ktor\u00fdch rad\u0161ej hovoria \u010diny. Najmenej rada m\u00e1m, ke\u010f sa \u013eudia do o\u010d\u00ed navz\u00e1jom chv\u00e1lia a\u00a0tv\u00e1ria sa, \u017ee s\u00fa najlep\u0161\u00ed priatelia, zatia\u013e \u010do za chrbtom si nevedia pr\u00eds\u0165 na meno. Nie je to len pokryteck\u00e9, je to priamo zbabel\u00e9. Pod\u013ea m\u0148a je jednoduch\u0161ie si veci poveda\u0165 priamo do o\u010d\u00ed a\u00a0nie rie\u0161i\u0165 ich s\u00a0kdek\u00fdm, len nie s\u00a0t\u00fdm, koho sa t\u00fdkaj\u00fa.\tNeplytvajme zbyto\u010dnePre\u010do nad t\u00fdm teraz prem\u00fd\u0161\u013eam? Preto\u017ee sa zase rok ch\u00fdli ku koncu a\u00a0schr\u00e1nky sa za\u010dn\u00fa plni\u0165 \u017eelaniami. Je pravda, \u017ee novoro\u010denky u\u017e skoro ani nevn\u00edmame, preto\u017ee ich dost\u00e1vame ve\u013ek\u00e9 mno\u017estv\u00e1, ale ja si nem\u00f4\u017eem pom\u00f4c\u0165, niektor\u00e9 s\u00fa skr\u00e1tka na prv\u00fd poh\u013ead ne\u00faprimn\u00e9. M\u00f4\u017eu ma\u0165 dokonal\u00fd mot\u00edv, kr\u00e1sny papier a\u00a0najorigin\u00e1lnej\u0161ie slov\u00e1 vo vn\u00fatri, ak ich ale posiela niekto, o\u00a0kom viete, \u017ee \u00faprimnos\u0165ou pr\u00edli\u0161 neopl\u00fdva, \u0165a\u017eko im uveri\u0165. Mo\u017eno by bolo lep\u0161ie ni\u010d neposiela\u0165, ke\u010f to nemysl\u00edte ani z\u00a0desiatich percent v\u00e1\u017ene. Sk\u00fasme si da\u0165 predsavzatie, \u017ee nebudeme zbyto\u010dne plytva\u0165 slovami. Za ka\u017ed\u00e9 nutkanie posla\u0165 ne\u00faprimn\u00e9 \u017eelanie si rad\u0161ej k\u00fapme napr\u00edklad knihu. To ka\u017ed\u00e9mu ur\u010dite prospeje viac, \u010do mysl\u00edte?                                                                                                                                                                                                                                                                                                                                                                                        4.4\/5 - (11 votes)        "},{"@context":"https:\/\/schema.org\/","@type":"BreadcrumbList","itemListElement":[{"@type":"ListItem","position":1,"name":"Menej slov b\u00fdva viac","item":"https:\/\/www.goshico.cz\/menej-slov-byva-viac\/#breadcrumbitem"}]}]