[{"@context":"https:\/\/schema.org\/","@type":"Article","@id":"https:\/\/www.goshico.cz\/o-kolagenu\/#Article","mainEntityOfPage":"https:\/\/www.goshico.cz\/o-kolagenu\/","headline":"O kolagenu","name":"O kolagenu","description":"V\u00edte, jak funguje kolagen typu 1? Vsad\u00edm se, o co chcete, \u017ee jste u\u017e o kolagenu alespo\u0148 jednou v \u017eivot\u011b sly\u0161eli. Pokud ale ne, tak [&hellip;]","datePublished":"2024-04-29","dateModified":"2024-04-29","author":{"@type":"Person","@id":"https:\/\/www.goshico.cz\/author\/#Person","name":"","url":"https:\/\/www.goshico.cz\/author\/","identifier":1,"image":{"@type":"ImageObject","@id":"https:\/\/secure.gravatar.com\/avatar\/670235c08005d2f1b80a3d56a421809661de47ce0289bd1c93d0120f6ef211a4?s=96&d=mm&r=g","url":"https:\/\/secure.gravatar.com\/avatar\/670235c08005d2f1b80a3d56a421809661de47ce0289bd1c93d0120f6ef211a4?s=96&d=mm&r=g","height":96,"width":96}},"publisher":{"@type":"Organization","name":"goshico.cz","logo":{"@type":"ImageObject","@id":"\/logo.png","url":"\/logo.png","width":600,"height":60}},"image":{"@type":"ImageObject","@id":"https:\/\/www.goshico.cz\/wp-content\/uploads\/pexels-anna-shvets-3852159_10_6.jpg","url":"https:\/\/www.goshico.cz\/wp-content\/uploads\/pexels-anna-shvets-3852159_10_6.jpg","height":0,"width":0},"url":"https:\/\/www.goshico.cz\/o-kolagenu\/","about":["Slu\u017eby"],"wordCount":442,"articleBody":"   V\u00edte, jak funguje kolagen typu 1? Vsad\u00edm se, o co chcete, \u017ee jste u\u017e o kolagenu alespo\u0148 jednou v \u017eivot\u011b sly\u0161eli. Pokud ale ne, tak je to velk\u00e1 chyba a m\u011bli byste to urychlen\u011b napravit. Kolagen je toti\u017e neskute\u010dn\u00fdm pomocn\u00edkem ka\u017ed\u00e9 \u017eeny a dok\u00e1\u017ee pomoct v tolika oblastech, \u017ee byste se tomu mo\u017en\u00e1 i divili. Prvn\u011b si poj\u010fme \u0159\u00edct n\u011bco m\u00e1lo o kolagenu, abyste alespo\u0148 trochu m\u011bli p\u0159ehled. Kolagen je \u017eivina, kterou m\u00e1me ka\u017ed\u00fd v t\u011ble. Jen\u017ee s v\u011bkem samoz\u0159ejm\u011b kolagenu ub\u00fdv\u00e1, a tak bychom ho m\u011bli n\u011bjak dopl\u0148ovat. A i kdy\u017e je \u010dlov\u011bk v tom nejlep\u0161\u00edm v\u011bku a mlad\u00fd, tak by kolagen m\u011bl br\u00e1t taky. Prosp\u011bje mu to. Zn\u00e1te ty situace, kdy t\u0159eba n\u011bkdo bojuje s akn\u00e9 a neda\u0159\u00ed se mu tenhle boj \u00fasp\u011b\u0161n\u011b vyhr\u00e1t? V dne\u0161n\u00ed dob\u011b trp\u00ed na pup\u00ednky skoro ka\u017ed\u00fd. \u0158ekla bych, \u017ee to m\u016f\u017ee b\u00fdt u ka\u017ed\u00e9ho z jin\u00e9ho d\u016fvodu. Ale z\u00e1rove\u0148 si mysl\u00edm, \u017ee nejv\u011bt\u0161\u00edm takov\u00fdm d\u016fvodem, pro\u010d akn\u00e9 vznik\u00e1, je stres. Stres je, jak se \u0159\u00edk\u00e1 &#8222;zab\u00edj\u00e1k&#8220; a tak m\u00e1 hodn\u011b v\u011bc\u00ed na sv\u011bdom\u00ed. A proto jsem mo\u017en\u00e1 s pup\u00ednky bojovala i j\u00e1. Jednu dobu jsem m\u011bla obdob\u00ed, kdy toho prost\u011b na m\u011b bylo moc. Tehdy jsem byla na st\u0159edn\u00ed \u0161kole, hodn\u011b u\u010den\u00ed, do toho rozchod s p\u0159\u00edtelem a prost\u011b jsem to n\u011bjak ani psychicky nezvl\u00e1dala.Asi to byl i jeden z d\u016fvod\u016f, pro\u010d jsem za\u010dala m\u00edt pup\u00ednky na tv\u00e1\u0159i \u2013 je toti\u017e dost mo\u017en\u00e9, \u017ee je stres vyvolal. A stresy jsem m\u011bla ka\u017ed\u00fd den a docela ve velk\u00e9m m\u011b\u0159\u00edtku a n\u011bjak jsem pot\u0159ebovala n\u011bjakou v\u011bc, kter\u00e1 by mi pomohla s pup\u00ednky. Byla jsem z toho u\u017e naprosto zoufal\u00e1 a \u0159\u00edkala jsem si, \u017ee to snad nen\u00ed mo\u017en\u00e9, \u017ee mus\u00ed b\u00fdt n\u011bjak\u00fd trik, jak doc\u00edlit toho, abych m\u011bla zase n\u00e1dhernou ple\u0165. To bylo je\u0161t\u011b p\u0159edt\u00edm, ne\u017e jsem za\u010dala \u0159e\u0161it v\u0161echny tyhle v\u011bci. Na\u0161t\u011bst\u00ed jsem nalezla pochopen\u00ed u firmy Orcacollagen, kter\u00e1 mi se v\u0161\u00edm pomohla, \u0159ekla jsem jim, co je za probl\u00e9m a oni mi doporu\u010dili kolagen. A rozd\u00edl p\u0159ed u\u017e\u00edv\u00e1n\u00edm a po u\u017e\u00edv\u00e1n\u00ed kolagenu je neskute\u010dn\u00fd \u2013 opravdu je to vid\u011bt.                                                                                                                                                                                                                                                                                                                                                                                          4.2\/5 - (13 votes)        "},{"@context":"https:\/\/schema.org\/","@type":"BreadcrumbList","itemListElement":[{"@type":"ListItem","position":1,"name":"O kolagenu","item":"https:\/\/www.goshico.cz\/o-kolagenu\/#breadcrumbitem"}]}]