[{"@context":"https:\/\/schema.org\/","@type":"Article","@id":"https:\/\/www.goshico.cz\/slunecni-bryle-nejen-modni-trend-letni-sezony\/#Article","mainEntityOfPage":"https:\/\/www.goshico.cz\/slunecni-bryle-nejen-modni-trend-letni-sezony\/","headline":"Slune\u010dn\u00ed br\u00fdle \u2013 nejen m\u00f3dn\u00ed trend letn\u00ed sez\u00f3ny","name":"Slune\u010dn\u00ed br\u00fdle \u2013 nejen m\u00f3dn\u00ed trend letn\u00ed sez\u00f3ny","description":"Mnohdy p\u0159i v\u00fdb\u011bru slune\u010dn\u00edch br\u00fdl\u00ed je opomenuta hlavn\u00ed podstata \u2013 ochrana zraku. Na trhu je k dispozici rozmanit\u00e1 nab\u00eddka r\u016fzn\u00fdch typ\u016f a velikost\u00ed slune\u010dn\u00edch br\u00fdl\u00ed. [&hellip;]","datePublished":"2025-03-02","dateModified":"2023-04-29","author":{"@type":"Person","@id":"https:\/\/www.goshico.cz\/author\/#Person","name":"","url":"https:\/\/www.goshico.cz\/author\/","identifier":1,"image":{"@type":"ImageObject","@id":"https:\/\/secure.gravatar.com\/avatar\/670235c08005d2f1b80a3d56a421809661de47ce0289bd1c93d0120f6ef211a4?s=96&d=mm&r=g","url":"https:\/\/secure.gravatar.com\/avatar\/670235c08005d2f1b80a3d56a421809661de47ce0289bd1c93d0120f6ef211a4?s=96&d=mm&r=g","height":96,"width":96}},"publisher":{"@type":"Organization","name":"goshico.cz","logo":{"@type":"ImageObject","@id":"\/logo.png","url":"\/logo.png","width":600,"height":60}},"image":{"@type":"ImageObject","@id":"https:\/\/www.goshico.cz\/wp-content\/uploads\/img_a290620_w2163_t1503317473.jpg","url":"https:\/\/www.goshico.cz\/wp-content\/uploads\/img_a290620_w2163_t1503317473.jpg","height":0,"width":0},"url":"https:\/\/www.goshico.cz\/slunecni-bryle-nejen-modni-trend-letni-sezony\/","wordCount":623,"articleBody":"Mnohdy p\u0159i v\u00fdb\u011bru slune\u010dn\u00edch br\u00fdl\u00ed je opomenuta hlavn\u00ed podstata \u2013 ochrana zraku. Na trhu je k dispozici rozmanit\u00e1 nab\u00eddka r\u016fzn\u00fdch typ\u016f a velikost\u00ed slune\u010dn\u00edch br\u00fdl\u00ed. I kdy\u017e se jedn\u00e1 o vkusn\u00fd m\u00f3dn\u00ed dopln\u011bk, je d\u016fle\u017eit\u00e9 nezapom\u00ednat na hlavn\u00ed \u00fa\u010del \u2013 zdravotn\u00ed.Pro\u010d nosit slune\u010dn\u00ed br\u00fdle Je d\u016fle\u017eit\u00e9 si uv\u011bdomit, \u017ee ka\u017ed\u00e9 vystaven\u00ed, by\u0165 i jen na kr\u00e1tkou dobu, slune\u010dn\u00edm paprsk\u016fm m\u00e1 negativn\u00ed vliv na lidsk\u00fd zrak. V\u00fdsledkem pak m\u016f\u017ee b\u00fdt nejen \u0161ed\u00fd z\u00e1kal, po\u0161kozen\u00ed s\u00edtnice, ale zejm\u00e9na z\u00e1n\u011bt o\u010dn\u00ed rohovky. \u0160kodliv\u00e9 slune\u010dn\u00ed z\u00e1\u0159en\u00ed m\u016f\u017ee t\u00e9\u017e m\u00edt vliv na vznik rakoviny spojivky a k\u016f\u017ee o\u010dn\u00edch v\u00ed\u010dek. V\u0161eobecn\u011b je zn\u00e1mo, \u017ee slune\u010dn\u00ed z\u00e1\u0159en\u00ed urychluje proces st\u00e1rnut\u00ed poko\u017eky, kter\u00e9 se projevuje vznikem vr\u00e1sek a t\u00e9\u017e p\u0159ed\u010dasn\u00fdm v\u00fdskytem nadm\u011brn\u00e9 pigmentace.Slune\u010dn\u00ed br\u00fdle a UV filtr Uve\u010fme v\u011bci na pravou m\u00edru. Priritou pro mnoh\u00e9 je, bohu\u017eel, cena. Kvalita je druho\u0159ad\u00e1. A pr\u00e1v\u011b u slune\u010dn\u00edch br\u00fdl\u00ed a kvalit\u011b UV by tomu m\u011blo b\u00fdt naopak. V takov\u00e9m p\u0159\u00edpad\u011b jsme majiteli slune\u010dn\u00edch br\u00fdl\u00ed, kter\u00e9 v\u0161ak neochr\u00e1n\u00ed n\u00e1\u0161 zrak. Ano, slune\u010dn\u00ed br\u00fdle oslab\u00ed p\u016fsobnost slune\u010dn\u00edho z\u00e1\u0159en\u00ed na zrak, ale ne v\u0161echny ochr\u00e1n\u00ed v dostate\u010dn\u00e9 m\u00ed\u0159e. Je dobr\u00e9 v\u011bd\u011bt, \u017ee UV filtr nem\u00e1 souvisej\u00edc\u00ed vliv na barvu skel. Br\u00fdle se sv\u011btl\u00fdmi skly mohou m\u00edt dostate\u010dn\u011b kvalitn\u00ed UV filtr. A naopak. Je t\u0159eba si vyb\u00edrat z\u00e1sadn\u011b br\u00fdle s hodnotn\u00fdm UV filtrem. \u00dadaje o UV filtru a rovn\u011b\u017e o stupni ochrany br\u00fdl\u00ed mus\u00ed b\u00fdt uvedeny na br\u00fdl\u00edch \u010di na etiket\u011b. Kvalita UV filtru je uvedena \u010d\u00edsly a to od 0 a\u017e do 4. \u00dadaj \u010d\u00edsla zna\u010d\u00ed propustnost sv\u011btla. Lze konstatovat, \u017ee \u010d\u00edm vy\u0161\u0161\u00ed \u010d\u00edseln\u00fd \u00fadaj UV filtru, t\u00edm je ochrana \u00fa\u010dinn\u011bj\u0161\u00ed a dojde k proniknut\u00ed m\u00e9n\u011b \u0161kodliv\u00e9ho slune\u010dn\u00edho z\u00e1\u0159en\u00ed. Za velmi kvalitn\u00ed br\u00fdle s dostate\u010dnou UV ochranou jsou pova\u017eov\u00e1ny maj\u00edc\u00ed ozna\u010den\u00ed \u010d\u00edslem 3.Pravidlo pro v\u00fdb\u011br vhodn\u00fdch br\u00fdl\u00ed  Nyn\u00ed nast\u00e1v\u00e1 moment v\u00fdb\u011bru br\u00fdl\u00ed na z\u00e1klad\u011b designu a vhodnosti k dan\u00e9mu tvaru obli\u010deje. Je t\u0159eba v\u011bd\u011bt, jak\u00fd typ tvaru obli\u010deje m\u00e1te \u2013 hranat\u00fd, ov\u00e1ln\u00fd, kulat\u00fd, hru\u0161kov\u00fd \u010di troj\u00faheln\u00edkov\u00fd. Zajist\u00e9 ka\u017ed\u00fd chce \u00fa\u010dinn\u00e9 ale tak\u00e9 slu\u0161iv\u00e9 a l\u00edbiv\u00e9 slune\u010dn\u00ed br\u00fdle. V\u0161ak se st\u00e1le jedn\u00e1 rovn\u011b\u017e o vkusn\u00fd m\u00f3dn\u00ed dopln\u011bk. Obecn\u00e9 z\u00e1sady, je\u017e je dobr\u00e9 dodr\u017eet p\u0159i n\u00e1kupu br\u00fdl\u00ed jsou \u2013 horn\u00ed obruba br\u00fdl\u00ed by nem\u011bla p\u0159esahovat zna\u010dn\u011b obo\u010d\u00ed, naopak by m\u011bla kop\u00edrovat linii s obo\u010d\u00edm. Br\u00fdle by m\u011bly pohodln\u011b sed\u011bt na ko\u0159eni nosu a rovnom\u011brn\u011b vyrovnat proporce obli\u010deje.Doporu\u010den\u00ed aneb rada na z\u00e1v\u011br Slune\u010dn\u00ed br\u00fdle vyb\u00edrejte a kupujte pouze ve specializovan\u00e9 prodejn\u011b \u2013 v o\u010dn\u00ed optice. Jedin\u011b takto m\u00e1te zaru\u010denou kvalitu br\u00fdl\u00ed a zejm\u00e9na odpov\u00eddaj\u00edc\u00ed hodnotu a efektivnost UV filtru. I v optice lze sehnat hodnotn\u00e9 slune\u010dn\u00ed br\u00fdle za p\u0159\u00edznivou cenu, a to zejm\u00e9na v p\u0159\u00edpad\u011b, \u017ee je upot\u0159eb\u00edte i pro p\u0159\u00ed\u0161t\u00ed sez\u00f3nu \u010di uskute\u010dn\u00edte n\u00e1kup v p\u0159\u00edpad\u011b v\u00fdhodn\u00e9 slevov\u00e9 akce.                                                                                                                                                                                                                                                                                                                                                                                        4.7\/5 - (10 votes)        "},{"@context":"https:\/\/schema.org\/","@type":"BreadcrumbList","itemListElement":[{"@type":"ListItem","position":1,"name":"Slune\u010dn\u00ed br\u00fdle \u2013 nejen m\u00f3dn\u00ed trend letn\u00ed sez\u00f3ny","item":"https:\/\/www.goshico.cz\/slunecni-bryle-nejen-modni-trend-letni-sezony\/#breadcrumbitem"}]}]